{"id":231,"date":"2011-09-30T13:14:10","date_gmt":"2011-09-30T16:14:10","guid":{"rendered":"http:\/\/emergenciasedesastres.cfp.org.br\/?p=231"},"modified":"2018-03-23T12:05:50","modified_gmt":"2018-03-23T15:05:50","slug":"programacao-atualizada-2","status":"publish","type":"post","link":"https:\/\/emergenciasedesastres.cfp.org.br\/?p=231","title":{"rendered":"Programa\u00e7\u00e3o atualizada"},"content":{"rendered":"<p>A programa\u00e7\u00e3o foi atualizada:<\/p>\n<p>A mesa <strong><em>Afetados em Desastres: desafios para a prote\u00e7\u00e3o aos direitos humanos<\/em><\/strong>, contar\u00e1 com a participa\u00e7\u00e3o do Procurador da Rep\u00fablica no Par\u00e1 e mestre em Teoria do Estado e Direito COnstitucional, Fel\u00edcio Pontes Jr.<\/p>\n","protected":false},"excerpt":{"rendered":"<p>A programa\u00e7\u00e3o foi atualizada: A mesa Afetados em Desastres: desafios para a prote\u00e7\u00e3o aos direitos humanos, contar\u00e1 com a participa\u00e7\u00e3o do Procurador da Rep\u00fablica no Par\u00e1 e mestre em Teoria do Estado e Direito COnstitucional, Fel\u00edcio Pontes Jr.<\/p>\n","protected":false},"author":15,"featured_media":0,"comment_status":"closed","ping_status":"open","sticky":false,"template":"","format":"standard","meta":{"footnotes":""},"categories":[3],"tags":[],"class_list":["post-231","post","type-post","status-publish","format-standard","hentry","category-noticias"],"_links":{"self":[{"href":"https:\/\/emergenciasedesastres.cfp.org.br\/index.php?rest_route=\/wp\/v2\/posts\/231","targetHints":{"allow":["GET"]}}],"collection":[{"href":"https:\/\/emergenciasedesastres.cfp.org.br\/index.php?rest_route=\/wp\/v2\/posts"}],"about":[{"href":"https:\/\/emergenciasedesastres.cfp.org.br\/index.php?rest_route=\/wp\/v2\/types\/post"}],"author":[{"embeddable":true,"href":"https:\/\/emergenciasedesastres.cfp.org.br\/index.php?rest_route=\/wp\/v2\/users\/15"}],"replies":[{"embeddable":true,"href":"https:\/\/emergenciasedesastres.cfp.org.br\/index.php?rest_route=%2Fwp%2Fv2%2Fcomments&post=231"}],"version-history":[{"count":0,"href":"https:\/\/emergenciasedesastres.cfp.org.br\/index.php?rest_route=\/wp\/v2\/posts\/231\/revisions"}],"wp:attachment":[{"href":"https:\/\/emergenciasedesastres.cfp.org.br\/index.php?rest_route=%2Fwp%2Fv2%2Fmedia&parent=231"}],"wp:term":[{"taxonomy":"category","embeddable":true,"href":"https:\/\/emergenciasedesastres.cfp.org.br\/index.php?rest_route=%2Fwp%2Fv2%2Fcategories&post=231"},{"taxonomy":"post_tag","embeddable":true,"href":"https:\/\/emergenciasedesastres.cfp.org.br\/index.php?rest_route=%2Fwp%2Fv2%2Ftags&post=231"}],"curies":[{"name":"wp","href":"https:\/\/api.w.org\/{rel}","templated":true}]}}