{"id":199,"date":"2011-09-14T11:17:15","date_gmt":"2011-09-14T14:17:15","guid":{"rendered":"http:\/\/emergenciasedesastres.cfp.org.br\/?p=199"},"modified":"2018-03-23T12:05:50","modified_gmt":"2018-03-23T15:05:50","slug":"inscricoes-abertas","status":"publish","type":"post","link":"https:\/\/emergenciasedesastres.cfp.org.br\/?p=199","title":{"rendered":"Inscri\u00e7\u00f5es abertas"},"content":{"rendered":"<p>As inscri\u00e7\u00f5es do II Semin\u00e1rio j\u00e1 est\u00e3o abertas e podem ser feitas at\u00e9 07\/11: basta acessar o campo <strong>Inscri\u00e7\u00f5es <\/strong>no menu.<\/p>\n<p>Para informa\u00e7\u00f5es sobre Bras\u00edlia, locais de hospedagem, alimenta\u00e7\u00e3o e passeios, acesse: http:\/\/www.guiabsb.com.br\/<\/p>\n","protected":false},"excerpt":{"rendered":"<p>As inscri\u00e7\u00f5es do II Semin\u00e1rio j\u00e1 est\u00e3o abertas e podem ser feitas at\u00e9 07\/11: basta acessar o campo Inscri\u00e7\u00f5es no menu. Para informa\u00e7\u00f5es sobre Bras\u00edlia, locais de hospedagem, alimenta\u00e7\u00e3o e passeios, acesse: http:\/\/www.guiabsb.com.br\/<\/p>\n","protected":false},"author":15,"featured_media":0,"comment_status":"closed","ping_status":"open","sticky":false,"template":"","format":"standard","meta":{"footnotes":""},"categories":[3],"tags":[],"class_list":["post-199","post","type-post","status-publish","format-standard","hentry","category-noticias"],"_links":{"self":[{"href":"https:\/\/emergenciasedesastres.cfp.org.br\/index.php?rest_route=\/wp\/v2\/posts\/199","targetHints":{"allow":["GET"]}}],"collection":[{"href":"https:\/\/emergenciasedesastres.cfp.org.br\/index.php?rest_route=\/wp\/v2\/posts"}],"about":[{"href":"https:\/\/emergenciasedesastres.cfp.org.br\/index.php?rest_route=\/wp\/v2\/types\/post"}],"author":[{"embeddable":true,"href":"https:\/\/emergenciasedesastres.cfp.org.br\/index.php?rest_route=\/wp\/v2\/users\/15"}],"replies":[{"embeddable":true,"href":"https:\/\/emergenciasedesastres.cfp.org.br\/index.php?rest_route=%2Fwp%2Fv2%2Fcomments&post=199"}],"version-history":[{"count":0,"href":"https:\/\/emergenciasedesastres.cfp.org.br\/index.php?rest_route=\/wp\/v2\/posts\/199\/revisions"}],"wp:attachment":[{"href":"https:\/\/emergenciasedesastres.cfp.org.br\/index.php?rest_route=%2Fwp%2Fv2%2Fmedia&parent=199"}],"wp:term":[{"taxonomy":"category","embeddable":true,"href":"https:\/\/emergenciasedesastres.cfp.org.br\/index.php?rest_route=%2Fwp%2Fv2%2Fcategories&post=199"},{"taxonomy":"post_tag","embeddable":true,"href":"https:\/\/emergenciasedesastres.cfp.org.br\/index.php?rest_route=%2Fwp%2Fv2%2Ftags&post=199"}],"curies":[{"name":"wp","href":"https:\/\/api.w.org\/{rel}","templated":true}]}}